{"id":2306,"date":"2022-02-18T12:43:27","date_gmt":"2022-02-18T11:43:27","guid":{"rendered":"https:\/\/www.zenetqi.fr\/?p=2306"},"modified":"2022-09-03T20:12:13","modified_gmt":"2022-09-03T18:12:13","slug":"seminaire-dinitiation-a-la-decouverte-dhildegarde-de-bingen","status":"publish","type":"post","link":"https:\/\/www.zenetqi.fr\/index.php\/2022\/02\/18\/seminaire-dinitiation-a-la-decouverte-dhildegarde-de-bingen\/","title":{"rendered":"S\u00c9MINAIRE D&rsquo;INITIATION : A LA D\u00c9COUVERTE D\u2019HILDEGARDE DE BINGEN&#8230;"},"content":{"rendered":"\n<p><\/p>\n\n\n\n<p>&nbsp;Extraordinaire mystique du 12<sup>\u00e8me<\/sup> si\u00e8cle, Hildegarde est aujourd\u2019hui pleinement reconnue pour son immense \u0153uvre spirituelle, cosmologique, naturopathique, musicale et picturale. Elle aura marqu\u00e9 son \u00e9poque par son rayonnement politique subversif \u00e0 d\u00e9fendre la beaut\u00e9 du divin manifest\u00e9 \u00e0 travers l&rsquo;\u00eatre humain r\u00e9-unifi\u00e9.<br><br>Gu\u00e9risseuse inspir\u00e9e, visionnaire engag\u00e9e et respect\u00e9e, elle s&rsquo;est fait interpr\u00e8te de cette \u00ab&nbsp;Merveille des Cl\u00f4tures&nbsp;\u00bb \u00e0 travers les arts sacr\u00e9s de la composition musicale, le chant de l&rsquo;extase et les enluminures miniature.<br><br>En cette p\u00e9riode extr\u00eamement bouscul\u00e9e sur le plan des valeurs humaines, elle se rappelle \u00e0 nous pour nous transmettre la quintessence de son enseignement holistique si pr\u00e9cieux.<\/p>\n\n\n\n<p><\/p>\n\n\n\n<p><\/p>\n\n\n\n<p><\/p>\n\n\n\n<div class=\"wp-block-image\"><figure class=\"aligncenter size-full\"><img loading=\"lazy\" decoding=\"async\" width=\"283\" height=\"189\" src=\"https:\/\/www.zenetqi.fr\/wp-content\/uploads\/2022\/04\/monk-mains.jpg\" alt=\"\" class=\"wp-image-2410\"\/><\/figure><\/div>\n\n\n\n<p><\/p>\n\n\n\n<p><\/p>\n\n\n\n<p><strong>NOUVEAU !<\/strong><br><br>Le cycle d&rsquo;initiation \u00ab\u00a0A la d\u00e9couverte d&rsquo;Hildegarde\u00a0\u00bb <br>d\u00e9marre au Ch\u00e2teau de Clermont, Le Cellier.<br><br>Formule d\u00e9couverte sur 3 journ\u00e9es ind\u00e9pendantes<\/p>\n\n\n\n<p><strong>Journ\u00e9e&nbsp;&nbsp; 1 : La place de l&rsquo;homme dans l&rsquo;univers<\/strong><\/p>\n\n\n\n<p>Matin&nbsp;: La dimension cosmique de l\u2019\u00eatre humain et l\u2019interd\u00e9pendance corps et \u00e2me.<\/p>\n\n\n\n<p>Apr\u00e8s-midi&nbsp;: La spiritualit\u00e9 comme axe d\u2019\u00e9quilibre des contraires, et la gu\u00e9rison comme processus \u00e0 dimensions multiples.<\/p>\n\n\n\n<p><\/p>\n\n\n\n<p><\/p>\n\n\n\n<p><strong>Journ\u00e9e 2<\/strong> <strong>: Comment garder l&rsquo;Homme en sant\u00e9 totale ?<\/strong><\/p>\n\n\n\n<p>Matin&nbsp;: Notions de sant\u00e9 du corps et principes de base de l\u2019alimentation de la joie.<\/p>\n\n\n\n<p>Apr\u00e8s-midi : Le pouvoir de gu\u00e9rison des cristaux sur le plan corporel, psychologique et spirituel.<\/p>\n\n\n\n<p><strong>Journ\u00e9e 3<\/strong> <strong>: L&rsquo;art sacr\u00e9, soutien de l&rsquo;expression de l&rsquo;\u00e2me<\/strong><\/p>\n\n\n\n<p>Matin : D\u00e9couverte des enluminures d&rsquo;Hildegarde et pr\u00e9sentation du vitrail, la vibration des couleurs \u00e0 la lumi\u00e8re de l\u2019\u00e9ternit\u00e9.<\/p>\n\n\n\n<p>Apr\u00e8s-midi : D\u00e9couverte des chants de l&rsquo;extase et de la symphonie de l&rsquo;\u00e2me manifestant le divin en l&rsquo;Homme.<\/p>\n\n\n\n<p><strong>INFORMATIONS PRATIQUES<\/strong><\/p>\n\n\n\n<p><strong>DATES DES CYCLES&nbsp;:<\/strong><\/p>\n\n\n\n<figure class=\"wp-block-table\"><table><tbody><tr><td class=\"has-text-align-center\" data-align=\"center\"><\/td><td class=\"has-text-align-center\" data-align=\"center\">Journ\u00e9e 1<\/td><td class=\"has-text-align-center\" data-align=\"center\">Journ\u00e9e 2<\/td><td class=\"has-text-align-center\" data-align=\"center\">Journ\u00e9e 3<\/td><\/tr><tr><td class=\"has-text-align-center\" data-align=\"center\">Cycle 1<\/td><td class=\"has-text-align-center\" data-align=\"center\">20\/02\/2022<\/td><td class=\"has-text-align-center\" data-align=\"center\">13\/03\/2022<\/td><td class=\"has-text-align-center\" data-align=\"center\">24\/04\/2022<\/td><\/tr><tr><td class=\"has-text-align-center\" data-align=\"center\">Cycle 2<\/td><td class=\"has-text-align-center\" data-align=\"center\">18\/05\/2022<\/td><td class=\"has-text-align-center\" data-align=\"center\">26\/06\/2022<\/td><td class=\"has-text-align-center\" data-align=\"center\">03\/07\/2022<\/td><\/tr><\/tbody><\/table><\/figure>\n\n\n\n<p>Horaires : 10h \u2013 17h30<\/p>\n\n\n\n<p><strong>TARIF<\/strong><\/p>\n\n\n\n<p>&#8211; Inscription \u00e0 la journ\u00e9e&nbsp;: 100\u20ac\/personne<\/p>\n\n\n\n<p>&#8211; Inscription pour 2 journ\u00e9e&nbsp;: 180\u20ac\/personne<\/p>\n\n\n\n<p>&#8211; Inscription pour 3 journ\u00e9es&nbsp;: 240\u20ac\/personne<\/p>\n\n\n\n<p><em>Paiement des arrhes (40%) \u00e0 l&rsquo;inscription \u00e0 S-1 des cycles<\/em><\/p>\n\n\n\n<p>RESTAURATION<\/p>\n\n\n\n<p>D\u00e9jeuner \u00e0 la charge de chacun<\/p>\n\n\n\n<p>Une d\u00e9gustation Hildegardienne sera offerte \u00e0 l&rsquo;issue de chaque journ\u00e9e<\/p>\n\n\n\n<p><strong>CONTACT et  INSCRIPTION<\/strong><\/p>\n\n\n\n<p>Natalia Neves \u2013 Conseil et formation en Alimentation et Sant\u00e9 globale<\/p>\n\n\n\n<p>Dipl\u00f4m\u00e9e de l&rsquo;Institut Hildegardien<\/p>\n\n\n\n<p>06 59 02 92 13 &#8211; <a href=\"mailto:natalia.neves@alimentationsante.fr\">natalia.neves@alimentationsante.fr<\/a><\/p>\n\n\n\n<p><a href=\"http:\/\/www.alimentationsante.fr\">www.alimentationsante.fr<\/a><\/p>\n\n\n\n<p> <strong>LIEU<\/strong> <\/p>\n\n\n\n<p>Les Ateliers du Ch\u00e2teau \u2013 Atelier de Chlo\u00e9 Quiban, Verrier d&rsquo;Art<\/p>\n\n\n\n<p>Ch\u00e2teau de Clermont \u2013 44850 Le Cellier <\/p>\n\n\n\n<p><\/p>\n\n\n\n<p><\/p>\n\n\n\n<p><\/p>\n\n\n\n<p><\/p>\n\n\n\n<p> <strong>Formule lithoth\u00e9rapie sur 3 journ\u00e9es distinctes, anim\u00e9es par Emmanuel Desjeux<\/strong><\/p>\n\n\n\n<p>Les dimanches 24\/4, 22\/5, et 26\/6<\/p>\n\n\n\n<p>Pr\u00e9sentation de la d\u00e9marche d&rsquo;Hildegarde en regard avec la science moderne pour faire un pont entre les \u00e2ges, et montrer comment les applications actuelles ainsi que les spiritualit\u00e9s rejoignent celles du XII\u00e8me si\u00e8cle\u2026<\/p>\n\n\n\n<div class=\"wp-block-image\"><figure class=\"aligncenter size-full\"><img loading=\"lazy\" decoding=\"async\" width=\"454\" height=\"340\" src=\"https:\/\/www.zenetqi.fr\/wp-content\/uploads\/2020\/02\/amethyste-vera1.jpg\" alt=\"Eric Gallet\" class=\"wp-image-1769\" srcset=\"https:\/\/www.zenetqi.fr\/wp-content\/uploads\/2020\/02\/amethyste-vera1.jpg 454w, https:\/\/www.zenetqi.fr\/wp-content\/uploads\/2020\/02\/amethyste-vera1-300x225.jpg 300w\" sizes=\"(max-width: 454px) 100vw, 454px\" \/><\/figure><\/div>\n\n\n\n<p>  <strong>Journ\u00e9e&nbsp;&nbsp; 1<\/strong> <\/p>\n\n\n\n<p>Topographie des chakras et des cristaux&nbsp;: pr\u00e9sentation des pathologies principales.<\/p>\n\n\n\n<p> <strong>Journ\u00e9e 2<\/strong> <\/p>\n\n\n\n<p>Applications, nettoyage et programmation.<\/p>\n\n\n\n<p> <strong>Journ\u00e9e 3<\/strong> <\/p>\n\n\n\n<p>Pierres de m\u00e9ditations et pr\u00e9sentation de diff\u00e9rentes techniques.<\/p>\n\n\n\n<p><\/p>\n\n\n\n<p><\/p>\n\n\n\n<p><strong>TARIF<\/strong> <\/p>\n\n\n\n<p>Inscription \u00e0 la journ\u00e9e : 100\u20ac\/personne<\/p>\n\n\n\n<p>Inscription pour 2 journ\u00e9e : 180\u20ac\/personne<\/p>\n\n\n\n<p> Inscription pour 3 journ\u00e9es&nbsp;: 240\u20ac\/personne <\/p>\n\n\n\n<p><\/p>\n\n\n\n<p> <strong>CONTACT et  INSCRIPTION<\/strong> <\/p>\n\n\n\n<p>Emmanuel Desjeux &#8211; directeur du Centre Zen et Qi<\/p>\n\n\n\n<p>06 28 07 54 60 &#8211; zenetqi@free.fr<\/p>\n\n\n\n<p><\/p>\n\n\n\n<p><\/p>\n\n\n\n<p><strong>LIEU<\/strong><\/p>\n\n\n\n<p>Les Ateliers du Ch\u00e2teau \u2013 Atelier natura esthetique de M\u00e9lanie Rabot <\/p>\n\n\n\n<p>Ch\u00e2teau de Clermont \u2013 44850 Le Cellier<\/p>\n\n\n\n<p><\/p>\n\n\n","protected":false},"excerpt":{"rendered":"<p>&nbsp;Extraordinaire mystique du 12\u00e8me si\u00e8cle, Hildegarde est aujourd\u2019hui pleinement reconnue pour son immense \u0153uvre spirituelle, cosmologique, naturopathique, musicale et picturale. Elle aura marqu\u00e9 son \u00e9poque par son rayonnement politique subversif \u00e0 d\u00e9fendre la beaut\u00e9 du divin manifest\u00e9 \u00e0 travers l&rsquo;\u00eatre humain r\u00e9-unifi\u00e9. Gu\u00e9risseuse inspir\u00e9e, visionnaire engag\u00e9e et respect\u00e9e, elle s&rsquo;est fait interpr\u00e8te de cette \u00ab&nbsp;Merveille [&hellip;]<\/p>\n","protected":false},"author":1,"featured_media":2399,"comment_status":"closed","ping_status":"open","sticky":false,"template":"","format":"standard","meta":{"_et_pb_use_builder":"","_et_pb_old_content":"","_et_gb_content_width":"","footnotes":""},"categories":[20],"tags":[],"class_list":["post-2306","post","type-post","status-publish","format-standard","has-post-thumbnail","hentry","category-a-la-une"],"_links":{"self":[{"href":"https:\/\/www.zenetqi.fr\/index.php\/wp-json\/wp\/v2\/posts\/2306","targetHints":{"allow":["GET"]}}],"collection":[{"href":"https:\/\/www.zenetqi.fr\/index.php\/wp-json\/wp\/v2\/posts"}],"about":[{"href":"https:\/\/www.zenetqi.fr\/index.php\/wp-json\/wp\/v2\/types\/post"}],"author":[{"embeddable":true,"href":"https:\/\/www.zenetqi.fr\/index.php\/wp-json\/wp\/v2\/users\/1"}],"replies":[{"embeddable":true,"href":"https:\/\/www.zenetqi.fr\/index.php\/wp-json\/wp\/v2\/comments?post=2306"}],"version-history":[{"count":8,"href":"https:\/\/www.zenetqi.fr\/index.php\/wp-json\/wp\/v2\/posts\/2306\/revisions"}],"predecessor-version":[{"id":2492,"href":"https:\/\/www.zenetqi.fr\/index.php\/wp-json\/wp\/v2\/posts\/2306\/revisions\/2492"}],"wp:featuredmedia":[{"embeddable":true,"href":"https:\/\/www.zenetqi.fr\/index.php\/wp-json\/wp\/v2\/media\/2399"}],"wp:attachment":[{"href":"https:\/\/www.zenetqi.fr\/index.php\/wp-json\/wp\/v2\/media?parent=2306"}],"wp:term":[{"taxonomy":"category","embeddable":true,"href":"https:\/\/www.zenetqi.fr\/index.php\/wp-json\/wp\/v2\/categories?post=2306"},{"taxonomy":"post_tag","embeddable":true,"href":"https:\/\/www.zenetqi.fr\/index.php\/wp-json\/wp\/v2\/tags?post=2306"}],"curies":[{"name":"wp","href":"https:\/\/api.w.org\/{rel}","templated":true}]}}