{"id":2168,"date":"2021-07-13T19:54:08","date_gmt":"2021-07-13T17:54:08","guid":{"rendered":"https:\/\/www.zenetqi.fr\/?p=2168"},"modified":"2023-03-15T16:50:06","modified_gmt":"2023-03-15T15:50:06","slug":"stage-yoga-tibetain-et-nature","status":"publish","type":"post","link":"https:\/\/www.zenetqi.fr\/index.php\/2021\/07\/13\/stage-yoga-tibetain-et-nature\/","title":{"rendered":"Stage Yoga tib\u00e9tain et Nature"},"content":{"rendered":"\n[et_pb_section][et_pb_row][et_pb_column type=\u00a0\u00bb4_4&Prime;][et_pb_text]<!-- divi:paragraph -->\n<p>Du 19 au 22 ao\u00fbt 2021 au Centre Zen et Qi,<\/p>\n<!-- \/divi:paragraph -->\n\n<!-- divi:paragraph -->\n<p>22 all\u00e9e du Cerny, 44850 Le Cellier.<\/p>\n<!-- \/divi:paragraph -->\n\n<!-- divi:paragraph -->\n<p><strong>Quelle alchimie subtile pouvons-nous accueillir en associant \u00e0 un travail respiratoire et postural, le pouvoir des mondes min\u00e9ral et v\u00e9g\u00e9tal&nbsp;?<\/strong><\/p>\n<!-- \/divi:paragraph -->\n\n<!-- divi:paragraph -->\n<p>\u00c9tape par \u00e9tape, nous acceptons de prendre conscience des zones o\u00f9 l\u2019\u00e9nergie est bloqu\u00e9e, et de nos d\u00e9s\u00e9quilibres, pour accueillir une \u00e9nergie propre avec une respiration pleinement consciente.<\/p>\n<!-- \/divi:paragraph -->\n\n<!-- divi:paragraph -->\n<p>Les rituels chamaniques nous font voyager pour retrouver notre place dans le monde du milieu, et \u00e0 activer &nbsp;toutes les richesses de nos potentiels, accompagn\u00e9 par le rythme des tambours.<\/p>\n<!-- \/divi:paragraph -->\n\n<!-- divi:paragraph -->\n<p>En nous mettons en relation consciente avec les mondes sensibles&nbsp; de la Nature, nous obtenons des cl\u00e9s pour atteindre une \u00e9nergie vitale primordiale qui se manifeste par nos \u00e9motions, et que nous g\u00e9rons en m\u00e9ditation dans l\u2019exploration de nos espaces int\u00e9rieurs.<\/p>\n<!-- \/divi:paragraph -->\n\n<!-- divi:paragraph -->\n<p>Des mandalas de cristaux et de v\u00e9g\u00e9taux nous aideront \u00e0 travailler sur les diff\u00e9rentes fr\u00e9quences vibratoires qui permettent de d\u00e9passer les limites du moi et d\u2019augmenter l\u2019ouverture du chakra du c\u0153ur dans les dimensions bouddhistes des quatre incommensurables.<\/p>\n<!-- \/divi:paragraph -->\n\n<!-- divi:paragraph -->\n<p>Du jeudi&nbsp;19 au 22 ao\u00fbt, de 9h30 \u00e0 18h30, (accueil \u00e0 partir de 9h15).<\/p>\n<!-- \/divi:paragraph -->\n\n<!-- divi:paragraph -->\n<p>Prix du stage : 400 \u20ac, &nbsp;&nbsp;arrhes&nbsp;: 80 \u20ac &nbsp;pour confirmer l\u2019inscription.<\/p>\n<!-- \/divi:paragraph -->\n\n<!-- divi:paragraph -->\n<p>Pension compl\u00e8te, chambres et repas v\u00e9g\u00e9tariens \u00e0 partir de 20\u20ac par jours.<br>Vous pouvez \u00e9galement rentrer chez vous le soir, et partager seulement le d\u00e9jeuner&nbsp;: 8\u20ac par jours.<\/p>\n<!-- \/divi:paragraph -->\n\n<!-- divi:paragraph -->\n<p><em>Repas v\u00e9g\u00e9tariens &nbsp;et sans alcool. Merci de nous informer en cas d\u2019allergies alimentaires.<\/em><\/p>\n<!-- \/divi:paragraph -->\n\n<!-- divi:paragraph -->\n<p><em>pension compl\u00e8te &nbsp;&nbsp;&nbsp;480\u20ac, &nbsp;&nbsp;&nbsp; &nbsp;&nbsp;&nbsp;&nbsp;&nbsp;&nbsp;&nbsp;&nbsp;&nbsp;&nbsp;&nbsp;&nbsp;&nbsp;&nbsp;&nbsp; inscription avant le 1<sup>er<\/sup> ao\u00fbt&nbsp;&nbsp;&nbsp;430\u20ac&nbsp;&nbsp;&nbsp;&nbsp;&nbsp;<br>demi pension &nbsp;&nbsp;&nbsp;&nbsp;&nbsp;&nbsp;&nbsp;&nbsp;&nbsp; 432\u20ac&nbsp;&nbsp;&nbsp;&nbsp;&nbsp;&nbsp;&nbsp;&nbsp;&nbsp;&nbsp;&nbsp;&nbsp;&nbsp;&nbsp;&nbsp;&nbsp; &nbsp;&nbsp;&nbsp; inscription avant le 1<sup>er<\/sup> <em>ao\u00fbt<\/em>&nbsp;&nbsp;&nbsp;390\u20ac&nbsp;&nbsp;&nbsp;&nbsp;&nbsp;<\/em><\/p>\n<!-- \/divi:paragraph -->\n\n<!-- divi:paragraph -->\n<p><em>Minimum 4 participants, maximum 8.<\/em><\/p>\n<!-- \/divi:paragraph -->\n\n<!-- divi:paragraph -->\n<p>Les arrhes seront rembours\u00e9es si le d\u00e9sistement intervient au moins 15 jours avant le d\u00e9but du stage.<\/p>\n<!-- \/divi:paragraph -->\n\n<!-- divi:paragraph -->\n<p>Nous sommes \u00e0 votre disposition pour tous renseignements compl\u00e9mentaires au 06 28 07 54 60.<\/p>\n<!-- \/divi:paragraph -->\n\n<!-- divi:image {\"id\":2124} -->\n<figure class=\"wp-block-image\"><img loading=\"lazy\" decoding=\"async\" width=\"567\" height=\"425\" src=\"https:\/\/www.zenetqi.fr\/wp-content\/uploads\/2021\/05\/lamas.jpg\" alt=\"\" class=\"wp-image-2124\" srcset=\"https:\/\/www.zenetqi.fr\/wp-content\/uploads\/2021\/05\/lamas.jpg 567w, https:\/\/www.zenetqi.fr\/wp-content\/uploads\/2021\/05\/lamas-480x360.jpg 480w\" sizes=\"(min-width: 0px) and (max-width: 480px) 480px, (min-width: 481px) 567px, 100vw\" \/><\/figure>\n<!-- \/divi:image -->\n\n<!-- divi:paragraph -->\n<p><\/p>\n<!-- \/divi:paragraph -->\n\n<!-- divi:paragraph -->\n<p><strong>Emmanuel Desjeux<\/strong><\/p>\n<!-- \/divi:paragraph -->\n\n<!-- divi:paragraph -->\n<p>Dans ces temps de restrictions, j\u2019ai ressenti l\u2019envie d\u2019un grand bol de Nature, la n\u00e9cessit\u00e9 de se relier et de remettre quelque chose en mouvement. L\u2019envie de travailler \u00e0 plusieurs, de cr\u00e9er un espace de collaboration avec mes fid\u00e8les amis&nbsp;: Flo des Arbres, Natasha, et &nbsp;Karl, chacun amenant &nbsp;sa vision et sa touche personnelle. C\u2019est une grande richesse de pouvoir se rassembler autour d\u2019une proposition commune&nbsp;: le plaisir de se connecter et ressentir la pleine conscience du vivant, de la Nature, en nous et autour de nous.<\/p>\n<!-- \/divi:paragraph -->\n\n<!-- divi:paragraph -->\n<p>Ma participation consiste \u00e0 partager les cadeaux du yoga tib\u00e9tain, des cristaux et de la m\u00e9ditation, dans un cadre parfaitement adapt\u00e9 \u00e0 ce genre de pratiques.<\/p>\n<!-- \/divi:paragraph -->\n\n<!-- divi:paragraph -->\n<p><strong>Flo des Arbres&nbsp;&nbsp;&nbsp;&nbsp;&nbsp;&nbsp;&nbsp;&nbsp;&nbsp;<\/strong><\/p>\n<!-- \/divi:paragraph -->\n\n<!-- divi:paragraph -->\n<p>Au fil de ballades en pleine nature, de temps suspendus \u00e0 l\u2019\u00e9coute de la for\u00eat, nous cheminons en relation consciente avec les mondes sensibles de la Nature. La nature rend heureux&nbsp;!<br>Elle est vivante et nous remet en contact avec l\u2019essentiel de notre vie d\u2019humains puisque nous sommes de la nature, nous faisons partie d\u2019elle,<br>Depuis&nbsp; de nombreuses ann\u00e9es,&nbsp; le c\u0153ur de la d\u00e9marche de mon amie Flo des Arbres se r\u00e9sume ainsi.<\/p>\n<!-- \/divi:paragraph -->\n\n<!-- divi:paragraph -->\n<p><a href=\"https:\/\/flodesarbres.wixsite.com\/flodesarbres\">https:\/\/flodesarbres.wixsite.com\/flodesarbres<\/a><\/p>\n<!-- \/divi:paragraph -->\n\n<!-- divi:paragraph -->\n<p><strong>\u200b<\/strong><\/p>\n<!-- \/divi:paragraph -->\n\n<!-- divi:paragraph -->\n<p><strong>Natascha et Karl<\/strong><\/p>\n<!-- \/divi:paragraph -->\n\n<!-- divi:paragraph -->\n<p>Chamanes inspir\u00e9s, animent des stages et des formations pour faire d\u00e9couvrir les trois mondes. Ce travail de reconnexion de l\u2019individu est centr\u00e9 sur des voyages oniriques avec les arch\u00e9types.<\/p>\n<!-- \/divi:paragraph -->\n\n<!-- divi:paragraph -->\n<p>Voyages&nbsp;et rituels chamaniques nous aident \u00e0 retrouver notre place dans la magie des mondes, et \u00e0 activer nos potentiels dans tous les espaces, pour b\u00e9n\u00e9ficier de toutes les aides qui nous accompagnent.<\/p>\n<!-- \/divi:paragraph -->\n\n<!-- divi:paragraph -->\n<p>Par leurs tambours, ils relient le non-manifest\u00e9 au manifest\u00e9, autrement dit, le r\u00eave \u00e0 la r\u00e9alit\u00e9.<\/p>\n<!-- \/divi:paragraph -->[\/et_pb_text][\/et_pb_column][\/et_pb_row][\/et_pb_section]\n","protected":false},"excerpt":{"rendered":"<p><div class=\"et_pb_section et_pb_section_0 et_section_regular\" >\n\t\t\t\t\n\t\t\t\t\n\t\t\t\t\n\t\t\t\t\n\t\t\t\t\n\t\t\t\t\n\t\t\t\t\n\t\t\t\t\n\t\t\t\t\n\t\t\t<\/div><div class=\"et_pb_row et_pb_row_0 et_pb_row_empty\">\n\t\t\t\t\n\t\t\t\t\n\t\t\t\t\n\t\t\t\t\n\t\t\t\t\n\t\t\t<\/div><div class=\"et_pb_module et_pb_text et_pb_text_0  et_pb_text_align_left et_pb_bg_layout_light\">\n\t\t\t\t\n\t\t\t\t\n\t\t\t\t\n\t\t\t\t\n\t\t\t\t\n\t\t\t<\/div> Du 19 au 22 ao\u00fbt 2021 au Centre Zen et Qi, 22 all\u00e9e du Cerny, 44850 Le Cellier. Quelle alchimie subtile pouvons-nous accueillir en associant \u00e0 un travail respiratoire et postural, le pouvoir des mondes min\u00e9ral et v\u00e9g\u00e9tal&nbsp;? \u00c9tape par \u00e9tape, nous acceptons de prendre conscience des zones o\u00f9 l\u2019\u00e9nergie est bloqu\u00e9e, et de [&hellip;]<\/p>\n","protected":false},"author":1,"featured_media":2171,"comment_status":"closed","ping_status":"open","sticky":false,"template":"","format":"standard","meta":{"_et_pb_use_builder":"on","_et_pb_old_content":"<!-- wp:paragraph -->\n<p>Du 19 au 22 ao\u00fbt 2021 au Centre Zen et Qi,<\/p>\n<!-- \/wp:paragraph -->\n\n<!-- wp:paragraph -->\n<p>22 all\u00e9e du Cerny, 44850 Le Cellier.<\/p>\n<!-- \/wp:paragraph -->\n\n<!-- wp:paragraph -->\n<p><strong>Quelle alchimie subtile pouvons-nous accueillir en associant \u00e0 un travail respiratoire et postural, le pouvoir des mondes min\u00e9ral et v\u00e9g\u00e9tal&nbsp;?<\/strong><\/p>\n<!-- \/wp:paragraph -->\n\n<!-- wp:paragraph -->\n<p>\u00c9tape par \u00e9tape, nous acceptons de prendre conscience des zones o\u00f9 l\u2019\u00e9nergie est bloqu\u00e9e, et de nos d\u00e9s\u00e9quilibres, pour accueillir une \u00e9nergie propre avec une respiration pleinement consciente.<\/p>\n<!-- \/wp:paragraph -->\n\n<!-- wp:paragraph -->\n<p>Les rituels chamaniques nous font voyager pour retrouver notre place dans le monde du milieu, et \u00e0 activer &nbsp;toutes les richesses de nos potentiels, accompagn\u00e9 par le rythme des tambours.<\/p>\n<!-- \/wp:paragraph -->\n\n<!-- wp:paragraph -->\n<p>En nous mettons en relation consciente avec les mondes sensibles&nbsp; de la Nature, nous obtenons des cl\u00e9s pour atteindre une \u00e9nergie vitale primordiale qui se manifeste par nos \u00e9motions, et que nous g\u00e9rons en m\u00e9ditation dans l\u2019exploration de nos espaces int\u00e9rieurs.<\/p>\n<!-- \/wp:paragraph -->\n\n<!-- wp:paragraph -->\n<p>Des mandalas de cristaux et de v\u00e9g\u00e9taux nous aideront \u00e0 travailler sur les diff\u00e9rentes fr\u00e9quences vibratoires qui permettent de d\u00e9passer les limites du moi et d\u2019augmenter l\u2019ouverture du chakra du c\u0153ur dans les dimensions bouddhistes des quatre incommensurables.<\/p>\n<!-- \/wp:paragraph -->\n\n<!-- wp:paragraph -->\n<p>Du jeudi&nbsp;19 au 22 ao\u00fbt, de 9h30 \u00e0 18h30, (accueil \u00e0 partir de 9h15).<\/p>\n<!-- \/wp:paragraph -->\n\n<!-- wp:paragraph -->\n<p>Prix du stage : 400 \u20ac, &nbsp;&nbsp;arrhes&nbsp;: 80 \u20ac &nbsp;pour confirmer l\u2019inscription.<\/p>\n<!-- \/wp:paragraph -->\n\n<!-- wp:paragraph -->\n<p>Pension compl\u00e8te, chambres et repas v\u00e9g\u00e9tariens \u00e0 partir de 20\u20ac par jours.<br>Vous pouvez \u00e9galement rentrer chez vous le soir, et partager seulement le d\u00e9jeuner&nbsp;: 8\u20ac par jours.<\/p>\n<!-- \/wp:paragraph -->\n\n<!-- wp:paragraph -->\n<p><em>Repas v\u00e9g\u00e9tariens &nbsp;et sans alcool. Merci de nous informer en cas d\u2019allergies alimentaires.<\/em><\/p>\n<!-- \/wp:paragraph -->\n\n<!-- wp:paragraph -->\n<p><em>pension compl\u00e8te &nbsp;&nbsp;&nbsp;480\u20ac, &nbsp;&nbsp;&nbsp; &nbsp;&nbsp;&nbsp;&nbsp;&nbsp;&nbsp;&nbsp;&nbsp;&nbsp;&nbsp;&nbsp;&nbsp;&nbsp;&nbsp;&nbsp; inscription avant le 1<sup>er<\/sup> ao\u00fbt&nbsp;&nbsp;&nbsp;430\u20ac&nbsp;&nbsp;&nbsp;&nbsp;&nbsp;<br>demi pension &nbsp;&nbsp;&nbsp;&nbsp;&nbsp;&nbsp;&nbsp;&nbsp;&nbsp; 432\u20ac&nbsp;&nbsp;&nbsp;&nbsp;&nbsp;&nbsp;&nbsp;&nbsp;&nbsp;&nbsp;&nbsp;&nbsp;&nbsp;&nbsp;&nbsp;&nbsp; &nbsp;&nbsp;&nbsp; inscription avant le 1<sup>er<\/sup> <em>ao\u00fbt<\/em>&nbsp;&nbsp;&nbsp;390\u20ac&nbsp;&nbsp;&nbsp;&nbsp;&nbsp;<\/em><\/p>\n<!-- \/wp:paragraph -->\n\n<!-- wp:paragraph -->\n<p><em>Minimum 4 participants, maximum 8.<\/em><\/p>\n<!-- \/wp:paragraph -->\n\n<!-- wp:paragraph -->\n<p>Les arrhes seront rembours\u00e9es si le d\u00e9sistement intervient au moins 15 jours avant le d\u00e9but du stage.<\/p>\n<!-- \/wp:paragraph -->\n\n<!-- wp:paragraph -->\n<p>Nous sommes \u00e0 votre disposition pour tous renseignements compl\u00e9mentaires au 06 28 07 54 60.<\/p>\n<!-- \/wp:paragraph -->\n\n<!-- wp:image {\"id\":2124} -->\n<figure class=\"wp-block-image\"><img src=\"https:\/\/www.zenetqi.fr\/wp-content\/uploads\/2021\/05\/lamas.jpg\" alt=\"\" class=\"wp-image-2124\"\/><\/figure>\n<!-- \/wp:image -->\n\n<!-- wp:paragraph -->\n<p><\/p>\n<!-- \/wp:paragraph -->\n\n<!-- wp:paragraph -->\n<p><strong>Emmanuel Desjeux<\/strong><\/p>\n<!-- \/wp:paragraph -->\n\n<!-- wp:paragraph -->\n<p>Dans ces temps de restrictions, j\u2019ai ressenti l\u2019envie d\u2019un grand bol de Nature, la n\u00e9cessit\u00e9 de se relier et de remettre quelque chose en mouvement. L\u2019envie de travailler \u00e0 plusieurs, de cr\u00e9er un espace de collaboration avec mes fid\u00e8les amis&nbsp;: Flo des Arbres, Natasha, et &nbsp;Karl, chacun amenant &nbsp;sa vision et sa touche personnelle. C\u2019est une grande richesse de pouvoir se rassembler autour d\u2019une proposition commune&nbsp;: le plaisir de se connecter et ressentir la pleine conscience du vivant, de la Nature, en nous et autour de nous.<\/p>\n<!-- \/wp:paragraph -->\n\n<!-- wp:paragraph -->\n<p>Ma participation consiste \u00e0 partager les cadeaux du yoga tib\u00e9tain, des cristaux et de la m\u00e9ditation, dans un cadre parfaitement adapt\u00e9 \u00e0 ce genre de pratiques.<\/p>\n<!-- \/wp:paragraph -->\n\n<!-- wp:paragraph -->\n<p><strong>Flo des Arbres&nbsp;&nbsp;&nbsp;&nbsp;&nbsp;&nbsp;&nbsp;&nbsp;&nbsp;<\/strong><\/p>\n<!-- \/wp:paragraph -->\n\n<!-- wp:paragraph -->\n<p>Au fil de ballades en pleine nature, de temps suspendus \u00e0 l\u2019\u00e9coute de la for\u00eat, nous cheminons en relation consciente avec les mondes sensibles de la Nature. La nature rend heureux&nbsp;!<br>Elle est vivante et nous remet en contact avec l\u2019essentiel de notre vie d\u2019humains puisque nous sommes de la nature, nous faisons partie d\u2019elle,<br>Depuis&nbsp; de nombreuses ann\u00e9es,&nbsp; le c\u0153ur de la d\u00e9marche de mon amie Flo des Arbres se r\u00e9sume ainsi.<\/p>\n<!-- \/wp:paragraph -->\n\n<!-- wp:paragraph -->\n<p><a href=\"https:\/\/flodesarbres.wixsite.com\/flodesarbres\">https:\/\/flodesarbres.wixsite.com\/flodesarbres<\/a><\/p>\n<!-- \/wp:paragraph -->\n\n<!-- wp:paragraph -->\n<p><strong>\u200b<\/strong><\/p>\n<!-- \/wp:paragraph -->\n\n<!-- wp:paragraph -->\n<p><strong>Natascha et Karl<\/strong><\/p>\n<!-- \/wp:paragraph -->\n\n<!-- wp:paragraph -->\n<p>Chamanes inspir\u00e9s, animent des stages et des formations pour faire d\u00e9couvrir les trois mondes. Ce travail de reconnexion de l\u2019individu est centr\u00e9 sur des voyages oniriques avec les arch\u00e9types.<\/p>\n<!-- \/wp:paragraph -->\n\n<!-- wp:paragraph -->\n<p>Voyages&nbsp;et rituels chamaniques nous aident \u00e0 retrouver notre place dans la magie des mondes, et \u00e0 activer nos potentiels dans tous les espaces, pour b\u00e9n\u00e9ficier de toutes les aides qui nous accompagnent.<\/p>\n<!-- \/wp:paragraph -->\n\n<!-- wp:paragraph -->\n<p>Par leurs tambours, ils relient le non-manifest\u00e9 au manifest\u00e9, autrement dit, le r\u00eave \u00e0 la r\u00e9alit\u00e9.<\/p>\n<!-- \/wp:paragraph -->","_et_gb_content_width":"","footnotes":""},"categories":[20],"tags":[],"class_list":["post-2168","post","type-post","status-publish","format-standard","has-post-thumbnail","hentry","category-a-la-une"],"_links":{"self":[{"href":"https:\/\/www.zenetqi.fr\/index.php\/wp-json\/wp\/v2\/posts\/2168","targetHints":{"allow":["GET"]}}],"collection":[{"href":"https:\/\/www.zenetqi.fr\/index.php\/wp-json\/wp\/v2\/posts"}],"about":[{"href":"https:\/\/www.zenetqi.fr\/index.php\/wp-json\/wp\/v2\/types\/post"}],"author":[{"embeddable":true,"href":"https:\/\/www.zenetqi.fr\/index.php\/wp-json\/wp\/v2\/users\/1"}],"replies":[{"embeddable":true,"href":"https:\/\/www.zenetqi.fr\/index.php\/wp-json\/wp\/v2\/comments?post=2168"}],"version-history":[{"count":3,"href":"https:\/\/www.zenetqi.fr\/index.php\/wp-json\/wp\/v2\/posts\/2168\/revisions"}],"predecessor-version":[{"id":2620,"href":"https:\/\/www.zenetqi.fr\/index.php\/wp-json\/wp\/v2\/posts\/2168\/revisions\/2620"}],"wp:featuredmedia":[{"embeddable":true,"href":"https:\/\/www.zenetqi.fr\/index.php\/wp-json\/wp\/v2\/media\/2171"}],"wp:attachment":[{"href":"https:\/\/www.zenetqi.fr\/index.php\/wp-json\/wp\/v2\/media?parent=2168"}],"wp:term":[{"taxonomy":"category","embeddable":true,"href":"https:\/\/www.zenetqi.fr\/index.php\/wp-json\/wp\/v2\/categories?post=2168"},{"taxonomy":"post_tag","embeddable":true,"href":"https:\/\/www.zenetqi.fr\/index.php\/wp-json\/wp\/v2\/tags?post=2168"}],"curies":[{"name":"wp","href":"https:\/\/api.w.org\/{rel}","templated":true}]}}